{"items":[{"id":"14280","pubtime":"26 dias 8 horas..","author":{"name":"ADTRJ","url":"perfil2\/index\/6825","image":"https:\/\/tenis-integrado-prod.s3.amazonaws.com\/sync-prod\/\/id6825\/fotos\/avatar.jpg"},"title":"Fotos dispon\u00edveis - 9\u00aa Etapa Circuito Estadual Tennis Kids 2026","text":"<p>Rio de janeiro (RJ) - Dream Fotografia e Filmagem divulga as fotos do Evento da T\u00eanis RJ realizado no Novo Rio Country Clube \/ NTC, que aconteceu entre os dias 02 e 03 de Agosto de 2026.Para ter acesso \u00e0s fotos, clique no&#8230;<\/p>","link":"posts\/detalhe\/14280","images":["https:\/\/tenis-integrado-prod.s3.amazonaws.com\/sync-prod\/\/id6825\/galerias\/thumb_id14280_260807184005555545.jpg"]},{"id":"14273","pubtime":"28 dias 7 horas..","author":{"name":"ADTRJ","url":"perfil2\/index\/6825","image":"https:\/\/tenis-integrado-prod.s3.amazonaws.com\/sync-prod\/\/id6825\/fotos\/avatar.jpg"},"title":"T\u00eanis RJ fortalece estrutura do T\u00eanis em cadeira de rodas","text":"<p>A T\u00eanis RJ fortaleceu sua estrutura t\u00e9cnica de T\u00eanis em cadeira de rodas com o an\u00fancio de Fabio Freitas como novo Diretor T\u00e9cnico da modalidade e Marcio Meireles como Coordenador T\u00e9cnico. A iniciativa refor\u00e7a o compromisso&#8230;<\/p>","link":"posts\/detalhe\/14273","images":["https:\/\/tenis-integrado-prod.s3.amazonaws.com\/sync-prod\/\/id6825\/galerias\/thumb_id14273_260810114558654462.jpeg"]},{"id":"14271","pubtime":"29 dias 10 horas..","author":{"name":"ADTRJ","url":"perfil2\/index\/6825","image":"https:\/\/tenis-integrado-prod.s3.amazonaws.com\/sync-prod\/\/id6825\/fotos\/avatar.jpg"},"title":"Definidos os campe\u00f5es  da 9\u00aa Etapa Circuito Tennis Kids 2026","text":"<p>Recreio dos Bandeirantes (RJ) - Finais aconteceram no domingo (02\/08), nas quadras do Novo Rio Country Club \/ NTC.Confira o quadro de honra:9 Anos Feminino SimplesCampe\u00e3: Maria ReckmanVice-campe\u00e3: Maria Alice Torres10 Anos&#8230;<\/p>","link":"posts\/detalhe\/14271","images":["https:\/\/tenis-integrado-prod.s3.amazonaws.com\/sync-prod\/\/id6825\/galerias\/thumb_id14271_260806163945618764.jpg","https:\/\/tenis-integrado-prod.s3.amazonaws.com\/sync-prod\/\/id6825\/galerias\/thumb_id14271_260806173535535436.jpg","https:\/\/tenis-integrado-prod.s3.amazonaws.com\/sync-prod\/\/id6825\/galerias\/thumb_id14271_260806175104458432.jpg","https:\/\/tenis-integrado-prod.s3.amazonaws.com\/sync-prod\/\/id6825\/galerias\/thumb_id14271_260806182626813955.jpg","https:\/\/tenis-integrado-prod.s3.amazonaws.com\/sync-prod\/\/id6825\/galerias\/thumb_id14271_260806182628503709.jpg","https:\/\/tenis-integrado-prod.s3.amazonaws.com\/sync-prod\/\/id6825\/galerias\/thumb_id14271_26080618263027747.jpg","https:\/\/tenis-integrado-prod.s3.amazonaws.com\/sync-prod\/\/id6825\/galerias\/thumb_id14271_260806182631648619.jpg","https:\/\/tenis-integrado-prod.s3.amazonaws.com\/sync-prod\/\/id6825\/galerias\/thumb_id14271_260806182633198060.jpg","https:\/\/tenis-integrado-prod.s3.amazonaws.com\/sync-prod\/\/id6825\/galerias\/thumb_id14271_260806182634758021.jpg","https:\/\/tenis-integrado-prod.s3.amazonaws.com\/sync-prod\/\/id6825\/galerias\/thumb_id14271_260806182636334521.jpg","https:\/\/tenis-integrado-prod.s3.amazonaws.com\/sync-prod\/\/id6825\/galerias\/thumb_id14271_260806182637503628.jpg"]},{"id":"14256","pubtime":"1 mes 2 dias..","author":{"name":"FCT (SC)","url":"perfil2\/index\/4183","image":"https:\/\/tenis-integrado-prod.s3.amazonaws.com\/sync-prod\/\/id4183\/fotos\/avatar.jpg"},"title":"INSCRI\u00c7\u00d5ES ABERTAS \u2013 CIRCUITO BRANDILI DE T\u00caNIS KIDS 2026 (4\u00aa ETAPA)","text":"<p>Est\u00e3o abertas as inscri\u00e7\u00f5es para o CIRCUITO BRANDILI DE T\u00caNIS KIDS 2026 (4\u00aa ETAPA), que ocorrer\u00e1 entre os dias 11 a 13 de setembro, em Joinville \/ SC. Joinville T\u00eanis Clube (JTC) ser\u00e1 a sede do torneio. INSCRI\u00c7\u00d5ES - At\u00e9&#8230;<\/p>","link":"posts\/detalhe\/14256","images":["https:\/\/tenis-integrado-prod.s3.amazonaws.com\/sync-prod\/\/id4183\/galerias\/thumb_id14256_260731164256168195.jpg"]},{"id":"14253","pubtime":"1 mes 4 dias..","author":{"name":"FCT (SC)","url":"perfil2\/index\/4183","image":"https:\/\/tenis-integrado-prod.s3.amazonaws.com\/sync-prod\/\/id4183\/fotos\/avatar.jpg"},"title":"INSCRI\u00c7\u00d5ES ABERTAS PARA O 5\u00ba REGIONAL DE T\u00caNIS 2026","text":"<p>Est\u00e3o abertas as inscri\u00e7\u00f5es para o 5\u00ba Regional de T\u00eanis 2026 que ocorrer\u00e1 entre os dias 03 a 06 de setembro de 2026. INSCRI\u00c7\u00d5ES \u2013 At\u00e9 o dia 24\/08\/2026 \u00e0s 18:00 CANCELAMENTOS - At\u00e9 o dia 25\/08\/2026 Obs: Os tenistas deveram&#8230;<\/p>","link":"posts\/detalhe\/14253","images":["https:\/\/tenis-integrado-prod.s3.amazonaws.com\/sync-prod\/\/id4183\/galerias\/thumb_id14253_260729172127149466.jpg"]},{"id":"14272","pubtime":"1 mes 5 dias..","author":{"name":"ADTRJ","url":"perfil2\/index\/6825","image":"https:\/\/tenis-integrado-prod.s3.amazonaws.com\/sync-prod\/\/id6825\/fotos\/avatar.jpg"},"title":"T\u00eanis RJ fortalece estrutura do Beach Tennis","text":"<p>A T\u00eanis RJ fortaleceu sua estrutura t\u00e9cnica de Beach Tennis com o an\u00fancio de Narck Rodrigues como novo Diretor T\u00e9cnico da modalidade e a perman\u00eancia de Ralff Abreu como Coordenador T\u00e9cnico. A iniciativa refor\u00e7a o compromisso&#8230;<\/p>","link":"posts\/detalhe\/14272","images":["https:\/\/tenis-integrado-prod.s3.amazonaws.com\/sync-prod\/\/id6825\/galerias\/thumb_id14272_26081011471626118.jpeg"]},{"id":"14268","pubtime":"1 mes 7 dias..","author":{"name":"ADTRJ","url":"perfil2\/index\/6825","image":"https:\/\/tenis-integrado-prod.s3.amazonaws.com\/sync-prod\/\/id6825\/fotos\/avatar.jpg"},"title":"Copa das Federa\u00e7\u00f5es Infantojuvenil de T\u00eanis 2026","text":"<p>A Copa das Federa\u00e7\u00f5es Infantojuvenil de T\u00eanis 2026 chegou ao fim. O Rio de Janeiro participou de 4 confrontos na disputa pelo 3\u00ba lugar com as categorias 12M, 16M, 16F e 18M e saiu vencedor na categoria 18 anos masculino,&#8230;<\/p>","link":"posts\/detalhe\/14268","images":["https:\/\/tenis-integrado-prod.s3.amazonaws.com\/sync-prod\/\/id6825\/galerias\/thumb_id14268_260806140758104740.jpg"]},{"id":"14240","pubtime":"1 mes 9 dias..","author":{"name":"FMTT (MT)","url":"perfil2\/index\/5465","image":"https:\/\/tenis-integrado-prod.s3.amazonaws.com\/sync-prod\/\/id5465\/fotos\/avatar.jpg"},"title":"Mato Grosso vence o Rio de Janeiro e est\u00e1 na final da Copa das Federa\u00e7\u00f5es","text":"<p>A Federa\u00e7\u00e3o Mato-grossense de T\u00eanis celebra uma classifica\u00e7\u00e3o hist\u00f3rica na Copa das Federa\u00e7\u00f5es 2026. Nesta sexta-feira (24), Mato Grosso venceu o Rio de Janeiro por 2 a 0 e garantiu vaga na final da categoria 18 anos masculina,&#8230;<\/p>","link":"posts\/detalhe\/14240","images":["https:\/\/tenis-integrado-prod.s3.amazonaws.com\/sync-prod\/\/id5465\/galerias\/thumb_id14240_260725164308774278.jpg"]},{"id":"14236","pubtime":"1 mes 9 dias..","author":{"name":"FBT (BA)","url":"perfil2\/index\/6814","image":"https:\/\/tenis-integrado-prod.s3.amazonaws.com\/sync-prod\/\/id6814\/fotos\/avatar.jpg"},"title":"O Circuito Masters est\u00e1 de volta!","text":"<p>Depois de muitos pedidos, a Federa\u00e7\u00e3o Bahiana de T\u00eanis traz de volta uma das competi\u00e7\u00f5es mais tradicionais do calend\u00e1rio estadual.Nesta edi\u00e7\u00e3o, o Masters ser\u00e1 disputado por atletas acima de 40 anos, reunindo experi\u00eancia,&#8230;<\/p>","link":"posts\/detalhe\/14236","images":["https:\/\/tenis-integrado-prod.s3.amazonaws.com\/sync-prod\/\/id6814\/galerias\/thumb_id14236_260724135201278675.jpg"]},{"id":"14232","pubtime":"1 mes 10 dias..","author":{"name":"FMTT (MT)","url":"perfil2\/index\/5465","image":"https:\/\/tenis-integrado-prod.s3.amazonaws.com\/sync-prod\/\/id5465\/fotos\/avatar.jpg"},"title":"Mato Grosso avan\u00e7a \u00e0 semifinal da Copa das Federa\u00e7\u00f5es no 18 masculino","text":"<p>A delega\u00e7\u00e3o de Mato Grosso segue conquistando resultados importantes na 27\u00aa Copa das Federa\u00e7\u00f5es Infantojuvenil de T\u00eanis, realizada entre os dias 21 e 25 de julho, no Praia Clube, em Uberl\u00e2ndia (MG).Na categoria 18 anos masculina,&#8230;<\/p>","link":"posts\/detalhe\/14232","images":["https:\/\/tenis-integrado-prod.s3.amazonaws.com\/sync-prod\/\/id5465\/galerias\/thumb_id14232_260723191838749559.jpg"]}],"page":"1"}